{"id":194577,"date":"2026-08-23T01:16:18","date_gmt":"2026-08-22T23:16:18","guid":{"rendered":"https:\/\/storeonline.blenastor.com\/wordpress\/?p=194577"},"modified":"2026-08-23T01:16:18","modified_gmt":"2026-08-22T23:16:18","slug":"perspectives-de-creation-dun-produit-de-recuperation-ideal","status":"publish","type":"post","link":"https:\/\/storeonline.blenastor.com\/wordpress\/2026\/08\/23\/perspectives-de-creation-dun-produit-de-recuperation-ideal\/","title":{"rendered":"Perspectives de cr\u00e9ation d&#8217;un &#8220;produit de r\u00e9cup\u00e9ration id\u00e9al&#8221;"},"content":{"rendered":"<p>La cr\u00e9ation d&#8217;un &#8220;produit de r\u00e9cup\u00e9ration id\u00e9al&#8221; repr\u00e9sente un enjeu important dans le secteur de la beaut\u00e9 et des soins personnels. Ce type de produit doit non seulement r\u00e9pondre aux besoins des consommateurs, mais aussi int\u00e9grer des \u00e9l\u00e9ments de durabilit\u00e9 et de respect de l&#8217;environnement. \u00c0 mesure que la sensibilisation \u00e0 l&#8217;importance de la durabilit\u00e9 augmente, les marques cherchent des moyens innovants de concevoir des produits qui sont \u00e0 la fois efficaces et \u00e9coresponsables.<\/p>\n<p><a href=\"https:\/\/www.lasuitehairdresser.it\/perspectives-de-creation-dun-produit-de-recuperation-ideal\/\">D\u00e9couvrez les perspectives de cr\u00e9ation d&#8217;un produit de r\u00e9cup\u00e9ration id\u00e9al<\/a>, un article qui explore en profondeur les diff\u00e9rentes dimensions de ce concept, notamment les ingr\u00e9dients, le packaging et l&#8217;impact environnemental.<\/p>\n<h2>Les caract\u00e9ristiques d&#8217;un produit de r\u00e9cup\u00e9ration id\u00e9al<\/h2>\n<p>Un produit de r\u00e9cup\u00e9ration id\u00e9al devrait poss\u00e9der plusieurs caract\u00e9ristiques cl\u00e9s :<\/p>\n<ol>\n<li><strong>Efficacit\u00e9 :<\/strong> Il doit prouver une r\u00e9elle efficacit\u00e9 pour r\u00e9cup\u00e9rer et revitaliser les cheveux ou la peau endommag\u00e9s.<\/li>\n<li><strong>Ingr\u00e9dients naturels :<\/strong> Utilisation de composants d&#8217;origine naturelle, sans agents chimiques agressifs.<\/li>\n<li><strong>Emballage recyclable :<\/strong> Un choix de packaging qui minimise l&#8217;impact environnemental avec des mat\u00e9riaux recyclables ou biod\u00e9gradables.<\/li>\n<li><strong>Durabilit\u00e9 :<\/strong> Tout au long de son cycle de vie, le produit doit \u00eatre con\u00e7u dans une d\u00e9marche durable, desde la production jusqu&#8217;\u00e0 l&#8217;\u00e9limination.<\/li>\n<li><strong>Transparence :<\/strong> Informer les consommateurs sur la provenance des ingr\u00e9dients et les proc\u00e9d\u00e9s de fabrication utilis\u00e9s.<\/li>\n<\/ol>\n<h2>Les enjeux du d\u00e9veloppement<\/h2>\n<p>Le d\u00e9veloppement d&#8217;un produit de r\u00e9cup\u00e9ration id\u00e9al pose plusieurs enjeux :<\/p>\n<ol>\n<li><strong>Innovation :<\/strong> Il n\u00e9cessite d&#8217;explorer de nouvelles formulations et techniques de production.<\/li>\n<li><strong>Co\u00fbt :<\/strong> Les mat\u00e9riaux \u00e9cologiques et les proc\u00e9d\u00e9s durables peuvent \u00eatre plus co\u00fbteux, ce qui peut impacter le prix final pour le consommateur.<\/li>\n<li><strong>Acceptation du march\u00e9 :<\/strong> Les consommateurs doivent \u00eatre \u00e9duqu\u00e9s et convaincus de l&#8217;importance d&#8217;utiliser ces produits plus respectueux de l&#8217;environnement.<\/li>\n<\/ol>\n<h2>Conclusion<\/h2>\n<p>La cr\u00e9ation d&#8217;un &#8220;produit de r\u00e9cup\u00e9ration id\u00e9al&#8221; repr\u00e9sente non seulement une opportunit\u00e9 commerciale mais aussi une responsabilit\u00e9 sociale. En int\u00e9grant efficacit\u00e9, durabilit\u00e9 et transparence, les marques peuvent r\u00e9pondre \u00e0 la demande croissante des consommateurs pour des produits qui non seulement prennent soin de leur beaut\u00e9, mais aussi de la plan\u00e8te.<\/p>\n","protected":false},"excerpt":{"rendered":"<p>La cr\u00e9ation d&#8217;un &#8220;produit de r\u00e9cup\u00e9ration id\u00e9al&#8221; repr\u00e9sente un enjeu important dans le secteur de la beaut\u00e9 et des soins personnels. Ce type de produit doit non seulement r\u00e9pondre aux besoins des consommateurs, mais aussi int\u00e9grer des \u00e9l\u00e9ments de durabilit\u00e9 et de respect de l&#8217;environnement. \u00c0 mesure que la sensibilisation \u00e0 l&#8217;importance de la durabilit\u00e9 [&hellip;]<\/p>\n","protected":false},"author":2,"featured_media":0,"comment_status":"closed","ping_status":"open","sticky":false,"template":"","format":"standard","meta":[],"categories":[1],"tags":[],"featured_image_src":{"landsacpe":false,"list":false,"medium":false,"full":false},"_links":{"self":[{"href":"https:\/\/storeonline.blenastor.com\/wordpress\/wp-json\/wp\/v2\/posts\/194577"}],"collection":[{"href":"https:\/\/storeonline.blenastor.com\/wordpress\/wp-json\/wp\/v2\/posts"}],"about":[{"href":"https:\/\/storeonline.blenastor.com\/wordpress\/wp-json\/wp\/v2\/types\/post"}],"author":[{"embeddable":true,"href":"https:\/\/storeonline.blenastor.com\/wordpress\/wp-json\/wp\/v2\/users\/2"}],"replies":[{"embeddable":true,"href":"https:\/\/storeonline.blenastor.com\/wordpress\/wp-json\/wp\/v2\/comments?post=194577"}],"version-history":[{"count":1,"href":"https:\/\/storeonline.blenastor.com\/wordpress\/wp-json\/wp\/v2\/posts\/194577\/revisions"}],"predecessor-version":[{"id":194578,"href":"https:\/\/storeonline.blenastor.com\/wordpress\/wp-json\/wp\/v2\/posts\/194577\/revisions\/194578"}],"wp:attachment":[{"href":"https:\/\/storeonline.blenastor.com\/wordpress\/wp-json\/wp\/v2\/media?parent=194577"}],"wp:term":[{"taxonomy":"category","embeddable":true,"href":"https:\/\/storeonline.blenastor.com\/wordpress\/wp-json\/wp\/v2\/categories?post=194577"},{"taxonomy":"post_tag","embeddable":true,"href":"https:\/\/storeonline.blenastor.com\/wordpress\/wp-json\/wp\/v2\/tags?post=194577"}],"curies":[{"name":"wp","href":"https:\/\/api.w.org\/{rel}","templated":true}]}}