{"id":211439,"date":"2026-09-04T00:50:22","date_gmt":"2026-09-03T22:50:22","guid":{"rendered":"https:\/\/storeonline.blenastor.com\/wordpress\/?p=211439"},"modified":"2026-09-04T00:50:22","modified_gmt":"2026-09-03T22:50:22","slug":"stearoidigh-in-eirinn-an-dochas-agus-na-dushlain","status":"publish","type":"post","link":"https:\/\/storeonline.blenastor.com\/wordpress\/2026\/09\/04\/stearoidigh-in-eirinn-an-dochas-agus-na-dushlain\/","title":{"rendered":"St\u00e9ar\u00f3idigh in \u00c9irinn: An D\u00f3chas agus na D\u00fashl\u00e1in"},"content":{"rendered":"<p>St\u00e9ar\u00f3idigh, n\u00f3 horm\u00f3in shint\u00e9iseacha, at\u00e1 ag \u00e9ir\u00ed n\u00edos coitianta i measc daoine at\u00e1 ag iarraidh a lamh\u00e1il i gcoma le caighde\u00e1in \u00e1irithe comhlacht a bhaint amach. Is \u00e1bhar consp\u00f3ideach iad agus sna St\u00e1it Aontaithe, sa R\u00edocht Aontaithe, agus chomh maith in \u00c9irinn, t\u00e1 s\u00e9 ina phointe consp\u00f3ideach i gcoitinne. In \u00c9irinn, c\u00e9 go bhfuil \u00e9ileamh ag f\u00e1s ar st\u00e9ar\u00f3idigh, tagann roinnt d\u00fashl\u00e1n le h\u00fas\u00e1id chomh maith le molta\u00ed a bhaineann leis. <a href=\"https:\/\/mraingenieria.com\/stearoidigh-in-eirinn-an-mholadh-agus-an-baol\/\">https:\/\/mraingenieria.com\/stearoidigh-in-eirinn-an-mholadh-agus-an-baol\/<\/a><\/p>\n<h2>Cad is St\u00e9ar\u00f3idigh ann?<\/h2>\n<p>Is substaint\u00ed sint\u00e9iseacha at\u00e1 ann a chuireann leis an gcorp n\u00e1d\u00fartha horm\u00f3in a th\u00e1irgeadh. D\u00e9anann na st\u00e9ar\u00f3idigh seo difr\u00edocht idir na leibh\u00e9il gn\u00edomha\u00edochta, an fhoirm at\u00e1 i gcoitinne, agus an bealach a n-\u00fas\u00e1ideann daoine iad. T\u00e1 siad coitianta i measc gn\u00edomha\u00edochta\u00ed sp\u00f3irt agus acla\u00edochta mar gheall ar a gcumas m\u00fascail a mh\u00e9ad\u00fa. Is f\u00e9idir leis an \u00fas\u00e1id m\u00edchu\u00ed a bheith le hiarmhairt\u00ed t\u00e1bhachtacha sl\u00e1inte.<\/p>\n<h2>D\u00f3chas agus Cuideachta na St\u00e9ar\u00f3idigh<\/h2>\n<p>Is \u00ed an pr\u00edomhaidhm de st\u00e9ar\u00f3idigh a throid in aghaidh gn\u00e1thathruithe n\u00e1d\u00fartha comhlacht, go h\u00e1irithe i mbearta a bhaineann le gn\u00edomh agus muscular a \u00fas\u00e1id. I measc na molta\u00ed a fuair \u00fas\u00e1id st\u00e9ar\u00f3idigh t\u00e1:<\/p>\n<ol>\n<li>Inmh\u00e9adaitheacht muscle.<\/li>\n<li>Feabhas ar ath\u00fas\u00e1id tar \u00e9is gn\u00edomha\u03b9\u03bfcht sh\u00edtheach.<\/li>\n<li>Conas le feasacht a ard\u00fa mar gheall ar chaighde\u00e1n club i gc\u00f3rais oideachais.<\/li>\n<\/ol>\n<h2>Na D\u00fashl\u00e1in a bhaineann le h\u00fas\u00e1id St\u00e9ar\u00f3idigh<\/h2>\n<p>Mar at\u00e1 le gach r\u00e9iteach, t\u00e1 dul chun cinn i gc\u00e1s \u00e9ard at\u00e1 ann le h\u00fas\u00e1id st\u00e9ar\u00f3idigh a \u00e9ir\u00ed go s\u00e1s\u00fail. Mar shampla, is \u00e9ard at\u00e1 sna d\u00fashl\u00e1in lean\u00fanacha n\u00e1:<\/p>\n<ol>\n<li>Ionfhabhtuithe sl\u00e1inte cos\u00fail le galair cro\u00ed agus galar ae.<\/li>\n<li>D\u00f3chas oideachas na n-\u00fas\u00e1ideoir\u00ed ar na hiarmhairt\u00ed di\u00faltacha.<\/li>\n<li>Comhoibri\u00fa le raon dl\u00ed laistigh de na c\u00fairteanna an t-am a chur in i\u00fal.<\/li>\n<\/ol>\n<h2>Concl\u00faid<\/h2>\n<p>Chun cur leo, t\u00e1 an t-\u00fadar\u00e1s ag s\u00edneadh chuig athruithe ar na horduithe do na st\u00e9ar\u00f3idigh i gcuimhne a ullmh\u00fa le tionchar a imirt ar an tsocha\u00ed. Leis an \u00e9ileamh ag f\u00e1s, caithfear tuiscint a bheith ag daoine ar na cont\u00fairt\u00ed, neamhionanna, agus an riachtanas forbartha chun eolas a chur ar f\u00e1il do gach \u00fadar\u00e1s feidhmi\u00fach\u00e1in. Tr\u00ed \u00fas\u00e1id na mbonn is bun le sl\u00e1inte a choth\u00fa, caithfear gn\u00edomh a dh\u00e9anamh mar phobal chun na st\u00e9ar\u00f3idigh a choime\u00e1d faoi r\u00fan chomh maith leis an sruth sa todhcha\u00ed.<\/p>\n","protected":false},"excerpt":{"rendered":"<p>St\u00e9ar\u00f3idigh, n\u00f3 horm\u00f3in shint\u00e9iseacha, at\u00e1 ag \u00e9ir\u00ed n\u00edos coitianta i measc daoine at\u00e1 ag iarraidh a lamh\u00e1il i gcoma le caighde\u00e1in \u00e1irithe comhlacht a bhaint amach. Is \u00e1bhar consp\u00f3ideach iad agus sna St\u00e1it Aontaithe, sa R\u00edocht Aontaithe, agus chomh maith in \u00c9irinn, t\u00e1 s\u00e9 ina phointe consp\u00f3ideach i gcoitinne. In \u00c9irinn, c\u00e9 go bhfuil \u00e9ileamh [&hellip;]<\/p>\n","protected":false},"author":2,"featured_media":0,"comment_status":"closed","ping_status":"open","sticky":false,"template":"","format":"standard","meta":[],"categories":[1],"tags":[],"featured_image_src":{"landsacpe":false,"list":false,"medium":false,"full":false},"_links":{"self":[{"href":"https:\/\/storeonline.blenastor.com\/wordpress\/wp-json\/wp\/v2\/posts\/211439"}],"collection":[{"href":"https:\/\/storeonline.blenastor.com\/wordpress\/wp-json\/wp\/v2\/posts"}],"about":[{"href":"https:\/\/storeonline.blenastor.com\/wordpress\/wp-json\/wp\/v2\/types\/post"}],"author":[{"embeddable":true,"href":"https:\/\/storeonline.blenastor.com\/wordpress\/wp-json\/wp\/v2\/users\/2"}],"replies":[{"embeddable":true,"href":"https:\/\/storeonline.blenastor.com\/wordpress\/wp-json\/wp\/v2\/comments?post=211439"}],"version-history":[{"count":1,"href":"https:\/\/storeonline.blenastor.com\/wordpress\/wp-json\/wp\/v2\/posts\/211439\/revisions"}],"predecessor-version":[{"id":211440,"href":"https:\/\/storeonline.blenastor.com\/wordpress\/wp-json\/wp\/v2\/posts\/211439\/revisions\/211440"}],"wp:attachment":[{"href":"https:\/\/storeonline.blenastor.com\/wordpress\/wp-json\/wp\/v2\/media?parent=211439"}],"wp:term":[{"taxonomy":"category","embeddable":true,"href":"https:\/\/storeonline.blenastor.com\/wordpress\/wp-json\/wp\/v2\/categories?post=211439"},{"taxonomy":"post_tag","embeddable":true,"href":"https:\/\/storeonline.blenastor.com\/wordpress\/wp-json\/wp\/v2\/tags?post=211439"}],"curies":[{"name":"wp","href":"https:\/\/api.w.org\/{rel}","templated":true}]}}